{"id":9925,"date":"2020-04-06T15:06:28","date_gmt":"2020-04-06T13:06:28","guid":{"rendered":"https:\/\/news.save.ch\/?p=9925"},"modified":"2023-03-14T08:59:19","modified_gmt":"2023-03-14T07:59:19","slug":"umstrittene-corona-ueberwachung-fuer-virtuelle-patrouillen","status":null,"type":"post","link":"https:\/\/news.save.ch\/it\/umstrittene-corona-ueberwachung-fuer-virtuelle-patrouillen\/","title":{"rendered":"La controversa sorveglianza di Corona"},"content":{"rendered":"<figure id=\"attachment_9926\" aria-describedby=\"caption-attachment-9926\" style=\"width: 680px\" class=\"wp-caption aligncenter\"><img loading=\"lazy\" decoding=\"async\" class=\"wp-image-9926 size-medium\" src=\"https:\/\/news.save.ch\/wp-content\/uploads\/2020\/04\/ueberwachung-scaled-1.jpg\" alt=\"Sorveglianza video\" width=\"680\" height=\"453\" \/><figcaption id=\"caption-attachment-9926\" class=\"wp-caption-text\">Ecco una foto da Zurigo. Nel cantone di Argovia, le pattuglie virtuali saranno utilizzate per monitorare le folle. Foto: R. Str\u00e4ssle<\/figcaption><\/figure>\n<p>&nbsp;<\/p>\n<p>In tempi eccezionali, le autorit\u00e0 a volte mettono il \"turbo\" nella lotta contro il virus corona. \u00c8 quello che \u00e8 successo nel cantone di Argovia, che si riserva di aumentare l'uso della videosorveglianza. Sulla base delle norme cantonali <a href=\"https:\/\/www.ag.ch\/media\/kanton_aargau\/themen_1\/coronavirus_1\/merkblaetter\/200402_Erlaeuterungen_Sonderverordnung_1.pdf\">Regolamento speciale<\/a> a partire dal 1\u00b0 aprile 2020, potranno quindi essere utilizzati anche sistemi di sorveglianza ottico-elettronici. In particolare, nella sezione \"Videosorveglianza negli spazi pubblici\" si legge: \"La polizia dovrebbe essere autorizzata a utilizzare temporaneamente i sistemi di videosorveglianza autorizzati esistenti negli spazi pubblici, che hanno un monitoraggio in tempo reale, per pattugliamenti virtuali al fine di svolgere i propri compiti in modo efficiente.<\/p>\n<p>La polizia potr\u00e0 inoltre utilizzare nuove apparecchiature di sorveglianza ottico-elettroniche aggiuntive per il monitoraggio in tempo reale senza l'autorizzazione dei commissari per la pubblicit\u00e0 e la protezione dei dati. Questi impianti devono essere rimossi dopo la revoca delle misure di cui agli artt. 6 e 7c dell'Ordinanza Covid19 2\".<\/p>\n<p>Inoltre, l'ordinanza speciale stabilisce che, analogamente ai sistemi di videosorveglianza autorizzati esistenti, non si deve trattare di una sorveglianza occulta, ma di una sorveglianza aperta, che abbia finalit\u00e0 preventive e permetta alla polizia di intervenire rapidamente e in modo mirato. La sorveglianza doveva quindi essere resa riconoscibile attraverso misure adeguate, ad esempio pannelli informativi.<\/p>\n<p><strong>Quale vantaggio? <\/strong><\/p>\n<p>Le misure di sorveglianza e gli strumenti digitali possono aiutare a combattere il coronavirus. <a href=\"https:\/\/www.amnesty.ch\/de\">Amnesty International<\/a>, il <a href=\"https:\/\/www.digitale-gesellschaft.ch\/\">Societ\u00e0 digitale<\/a> e il <a href=\"https:\/\/www.konsumentenschutz.ch\/\">Fondazione per la protezione dei consumatori<\/a> Tuttavia, le organizzazioni chiedono che venga mantenuta la proporzionalit\u00e0 in tutte le violazioni dei diritti personali, come richiesto in una dichiarazione congiunta. Dopo tutto, questo principio dello Stato di diritto si applica anche in uno stato di emergenza.<\/p>\n<p>Alle tre organizzazioni sfugge, in particolare, la giustificazione contenuta nella dichiarazione del consiglio di governo del Canton Argovia per cui, oltre alle misure esistenti come il divieto di assembramento, le pattuglie di polizia, gli autobus e il blocco dei parchi, si dovrebbe ricorrere anche alla videosorveglianza. La Societ\u00e0 Digitale sottolinea che queste \"ronde virtuali\" non potrebbero intervenire direttamente e che la videosorveglianza, nel suo effetto preventivo, porterebbe al massimo a far incontrare le persone in un altro luogo non sorvegliato.<\/p>\n<p>Il monitoraggio della vita pubblica in tempo reale va ben oltre le misure che utilizzano i dati di localizzazione anonimizzati e aggregati dei telefoni cellulari per registrare gli assembramenti di persone o i flussi di movimento, sottolinea l'organizzazione, che sostiene l'uso dei telefoni cellulari. <a href=\"https:\/\/www.digitale-gesellschaft.ch\/2018\/12\/17\/engagement-fuer-digitale-grundrechte-werde-mitglied-oder-spenderin-der-digitalen-gesellschaft-2\/\">I diritti di libert\u00e0 in un mondo in rete<\/a>\u00a0viene utilizzato. Secondo la Societ\u00e0 Digitale, in Argovia non esistono circostanze particolari che rendano necessaria tale misura rispetto ad altri cantoni. Tuttavia, c'\u00e8 il rischio che la videosorveglianza in tempo reale venga utilizzata come misura di sorveglianza \"normale\" anche dopo la fine della pandemia, scrive Digital Society. Chiede al consiglio di governo di invertire questa sproporzionata \"sorveglianza di massa\". <em>(rs)<\/em><\/p>\n<p>&nbsp;<\/p>","protected":false},"excerpt":{"rendered":"<p>&nbsp; In Ausnahmezeiten schalten die Beh\u00f6rden schon mal den \u00abTurbo\u00bb im Kampf gegen das Coronavirus ein. So geschehen im Kanton Aargau, der sich das Recht herausnimmt, verst\u00e4rkt mit Video\u00fcberwachung zu arbeiten. Gest\u00fctzt auf die kantonale Sonderverordnung vom 1. April 2020 k\u00f6nnen deshalb auch optische-elektronische \u00dcberwachungsanlagen eingesetzt werden. Konkret heisst es dazu im Abschnitt \u00abVideo\u00fcberwachung im [&hellip;]<\/p>\n","protected":false},"author":8,"featured_media":9926,"comment_status":"closed","ping_status":"closed","sticky":false,"template":"","format":"standard","meta":{"_acf_changed":false,"pgc_sgb_lightbox_settings":"","footnotes":""},"categories":[3312],"tags":[791,632,792,55,78,793],"class_list":["post-9925","post","type-post","status-publish","format-standard","has-post-thumbnail","hentry","category-sicherheit","tag-coronaviruas","tag-covid-19","tag-kanton-aargau","tag-ueberwachung","tag-videoueberwachung","tag-virtuelle-patrouillen"],"acf":[],"hkrextid":null,"publication":null,"issue":null,"workflow":null,"startPage":null,"spitzmarke":null,"_posts_by_tag_page_fields":{"widget_title":"","widget_tags":""},"_at_widget":"1","_yoast_wpseo_primary_category":"529","_yoast_wpseo_focuskw_text_input":"Video\u00fcberwachung","_yoast_wpseo_opengraph-image":null,"_yoast_wpseo_opengraph-description":null,"_yoast_wpseo_opengraph-title":null,"enclosure":null,"_yoast_wpseo_twitter-title":null,"_yoast_wpseo_twitter-description":null,"_yoast_wpseo_twitter-image":null,"_wp_old_slug":null,"_yoast_wpseo_title":null,"_yoast_wpseo_canonical":null,"yoast_head":"<!-- This site is optimized with the Yoast SEO plugin v27.5 - https:\/\/yoast.com\/product\/yoast-seo-wordpress\/ -->\n<title>Umstrittene Corona-\u00dcberwachung - Save<\/title>\n<meta name=\"robots\" content=\"index, follow, max-snippet:-1, max-image-preview:large, max-video-preview:-1\" \/>\n<link rel=\"canonical\" href=\"https:\/\/news.save.ch\/it\/umstrittene-corona-ueberwachung-fuer-virtuelle-patrouillen\/\" \/>\n<meta property=\"og:locale\" content=\"it_IT\" \/>\n<meta property=\"og:type\" content=\"article\" \/>\n<meta property=\"og:title\" content=\"Umstrittene Corona-\u00dcberwachung - Save\" \/>\n<meta property=\"og:description\" content=\"&nbsp; In Ausnahmezeiten schalten die Beh\u00f6rden schon mal den \u00abTurbo\u00bb im Kampf gegen das Coronavirus ein. So geschehen im Kanton Aargau, der sich das Recht herausnimmt, verst\u00e4rkt mit Video\u00fcberwachung zu arbeiten. Gest\u00fctzt auf die kantonale Sonderverordnung vom 1. April 2020 k\u00f6nnen deshalb auch optische-elektronische \u00dcberwachungsanlagen eingesetzt werden. Konkret heisst es dazu im Abschnitt \u00abVideo\u00fcberwachung im [&hellip;]\" \/>\n<meta property=\"og:url\" content=\"https:\/\/news.save.ch\/it\/umstrittene-corona-ueberwachung-fuer-virtuelle-patrouillen\/\" \/>\n<meta property=\"og:site_name\" content=\"Save\" \/>\n<meta property=\"article:published_time\" content=\"2020-04-06T13:06:28+00:00\" \/>\n<meta property=\"article:modified_time\" content=\"2023-03-14T07:59:19+00:00\" \/>\n<meta property=\"og:image\" content=\"https:\/\/news.save.ch\/wp-content\/uploads\/2020\/04\/ueberwachung-scaled-1-scaled.jpg\" \/>\n\t<meta property=\"og:image:width\" content=\"1400\" \/>\n\t<meta property=\"og:image:height\" content=\"934\" \/>\n\t<meta property=\"og:image:type\" content=\"image\/jpeg\" \/>\n<meta name=\"author\" content=\"Roger Str\u00e4ssle\" \/>\n<meta name=\"twitter:card\" content=\"summary_large_image\" \/>\n<meta name=\"twitter:label1\" content=\"Scritto da\" \/>\n\t<meta name=\"twitter:data1\" content=\"Roger Str\u00e4ssle\" \/>\n\t<meta name=\"twitter:label2\" content=\"Tempo di lettura stimato\" \/>\n\t<meta name=\"twitter:data2\" content=\"2 minuti\" \/>\n<script type=\"application\/ld+json\" class=\"yoast-schema-graph\">{\"@context\":\"https:\\\/\\\/schema.org\",\"@graph\":[{\"@type\":\"Article\",\"@id\":\"https:\\\/\\\/news.save.ch\\\/umstrittene-corona-ueberwachung-fuer-virtuelle-patrouillen\\\/#article\",\"isPartOf\":{\"@id\":\"https:\\\/\\\/news.save.ch\\\/umstrittene-corona-ueberwachung-fuer-virtuelle-patrouillen\\\/\"},\"author\":{\"name\":\"Roger Str\u00e4ssle\",\"@id\":\"https:\\\/\\\/news.save.ch\\\/de\\\/#\\\/schema\\\/person\\\/d5022db048e0e2b9785c50e5b24da5aa\"},\"headline\":\"Umstrittene Corona-\u00dcberwachung\",\"datePublished\":\"2020-04-06T13:06:28+00:00\",\"dateModified\":\"2023-03-14T07:59:19+00:00\",\"mainEntityOfPage\":{\"@id\":\"https:\\\/\\\/news.save.ch\\\/umstrittene-corona-ueberwachung-fuer-virtuelle-patrouillen\\\/\"},\"wordCount\":472,\"publisher\":{\"@id\":\"https:\\\/\\\/news.save.ch\\\/de\\\/#organization\"},\"image\":{\"@id\":\"https:\\\/\\\/news.save.ch\\\/umstrittene-corona-ueberwachung-fuer-virtuelle-patrouillen\\\/#primaryimage\"},\"thumbnailUrl\":\"https:\\\/\\\/news.save.ch\\\/wp-content\\\/uploads\\\/2020\\\/04\\\/ueberwachung-scaled-1-scaled.jpg\",\"keywords\":[\"Coronaviruas\",\"Covid-19\",\"Kanton Aargau\",\"\u00dcberwachung\",\"Video\u00fcberwachung\",\"virtuelle Patrouillen\"],\"articleSection\":[\"SICHERHEIT\"],\"inLanguage\":\"it-IT\"},{\"@type\":\"WebPage\",\"@id\":\"https:\\\/\\\/news.save.ch\\\/umstrittene-corona-ueberwachung-fuer-virtuelle-patrouillen\\\/\",\"url\":\"https:\\\/\\\/news.save.ch\\\/umstrittene-corona-ueberwachung-fuer-virtuelle-patrouillen\\\/\",\"name\":\"Umstrittene Corona-\u00dcberwachung - Save\",\"isPartOf\":{\"@id\":\"https:\\\/\\\/news.save.ch\\\/de\\\/#website\"},\"primaryImageOfPage\":{\"@id\":\"https:\\\/\\\/news.save.ch\\\/umstrittene-corona-ueberwachung-fuer-virtuelle-patrouillen\\\/#primaryimage\"},\"image\":{\"@id\":\"https:\\\/\\\/news.save.ch\\\/umstrittene-corona-ueberwachung-fuer-virtuelle-patrouillen\\\/#primaryimage\"},\"thumbnailUrl\":\"https:\\\/\\\/news.save.ch\\\/wp-content\\\/uploads\\\/2020\\\/04\\\/ueberwachung-scaled-1-scaled.jpg\",\"datePublished\":\"2020-04-06T13:06:28+00:00\",\"dateModified\":\"2023-03-14T07:59:19+00:00\",\"breadcrumb\":{\"@id\":\"https:\\\/\\\/news.save.ch\\\/umstrittene-corona-ueberwachung-fuer-virtuelle-patrouillen\\\/#breadcrumb\"},\"inLanguage\":\"it-IT\",\"potentialAction\":[{\"@type\":\"ReadAction\",\"target\":[\"https:\\\/\\\/news.save.ch\\\/umstrittene-corona-ueberwachung-fuer-virtuelle-patrouillen\\\/\"]}]},{\"@type\":\"ImageObject\",\"inLanguage\":\"it-IT\",\"@id\":\"https:\\\/\\\/news.save.ch\\\/umstrittene-corona-ueberwachung-fuer-virtuelle-patrouillen\\\/#primaryimage\",\"url\":\"https:\\\/\\\/news.save.ch\\\/wp-content\\\/uploads\\\/2020\\\/04\\\/ueberwachung-scaled-1-scaled.jpg\",\"contentUrl\":\"https:\\\/\\\/news.save.ch\\\/wp-content\\\/uploads\\\/2020\\\/04\\\/ueberwachung-scaled-1-scaled.jpg\",\"width\":1400,\"height\":934,\"caption\":\"Hier ein Bild aus Z\u00fcrich. Im Kanton Aargau \u00fcberwacht man Personenansammlungen auch mit virtuellen Patrouillen. Der Foto: R. Str\u00e4ssle\"},{\"@type\":\"BreadcrumbList\",\"@id\":\"https:\\\/\\\/news.save.ch\\\/umstrittene-corona-ueberwachung-fuer-virtuelle-patrouillen\\\/#breadcrumb\",\"itemListElement\":[{\"@type\":\"ListItem\",\"position\":1,\"name\":\"Home\",\"item\":\"https:\\\/\\\/news.save.ch\\\/de\\\/\"},{\"@type\":\"ListItem\",\"position\":2,\"name\":\"Umstrittene Corona-\u00dcberwachung\"}]},{\"@type\":\"WebSite\",\"@id\":\"https:\\\/\\\/news.save.ch\\\/de\\\/#website\",\"url\":\"https:\\\/\\\/news.save.ch\\\/de\\\/\",\"name\":\"Save\",\"description\":\"Schweizer Fachzeitschrift f\u00fcr Sicherheit\",\"publisher\":{\"@id\":\"https:\\\/\\\/news.save.ch\\\/de\\\/#organization\"},\"potentialAction\":[{\"@type\":\"SearchAction\",\"target\":{\"@type\":\"EntryPoint\",\"urlTemplate\":\"https:\\\/\\\/news.save.ch\\\/de\\\/?s={search_term_string}\"},\"query-input\":{\"@type\":\"PropertyValueSpecification\",\"valueRequired\":true,\"valueName\":\"search_term_string\"}}],\"inLanguage\":\"it-IT\"},{\"@type\":\"Organization\",\"@id\":\"https:\\\/\\\/news.save.ch\\\/de\\\/#organization\",\"name\":\"Sicherheitsforum\",\"url\":\"https:\\\/\\\/news.save.ch\\\/de\\\/\",\"logo\":{\"@type\":\"ImageObject\",\"inLanguage\":\"it-IT\",\"@id\":\"https:\\\/\\\/news.save.ch\\\/de\\\/#\\\/schema\\\/logo\\\/image\\\/\",\"url\":\"https:\\\/\\\/news.save.ch\\\/wp-content\\\/uploads\\\/2022\\\/06\\\/Logo_SF_2012.png\",\"contentUrl\":\"https:\\\/\\\/news.save.ch\\\/wp-content\\\/uploads\\\/2022\\\/06\\\/Logo_SF_2012.png\",\"width\":1100,\"height\":91,\"caption\":\"Sicherheitsforum\"},\"image\":{\"@id\":\"https:\\\/\\\/news.save.ch\\\/de\\\/#\\\/schema\\\/logo\\\/image\\\/\"}},{\"@type\":\"Person\",\"@id\":\"https:\\\/\\\/news.save.ch\\\/de\\\/#\\\/schema\\\/person\\\/d5022db048e0e2b9785c50e5b24da5aa\",\"name\":\"Roger Str\u00e4ssle\",\"image\":{\"@type\":\"ImageObject\",\"inLanguage\":\"it-IT\",\"@id\":\"https:\\\/\\\/secure.gravatar.com\\\/avatar\\\/862a5569d087de48e5856e32f45d719a03804c891d6deb8d4f71a660e79e4a47?s=96&d=mm&r=g\",\"url\":\"https:\\\/\\\/secure.gravatar.com\\\/avatar\\\/862a5569d087de48e5856e32f45d719a03804c891d6deb8d4f71a660e79e4a47?s=96&d=mm&r=g\",\"contentUrl\":\"https:\\\/\\\/secure.gravatar.com\\\/avatar\\\/862a5569d087de48e5856e32f45d719a03804c891d6deb8d4f71a660e79e4a47?s=96&d=mm&r=g\",\"caption\":\"Roger Str\u00e4ssle\"},\"url\":\"https:\\\/\\\/news.save.ch\\\/it\\\/author\\\/roger-straessle\\\/\"}]}<\/script>\n<!-- \/ Yoast SEO plugin. -->","yoast_head_json":{"title":"Sorveglianza controversa di Corona - Salva","robots":{"index":"index","follow":"follow","max-snippet":"max-snippet:-1","max-image-preview":"max-image-preview:large","max-video-preview":"max-video-preview:-1"},"canonical":"https:\/\/news.save.ch\/it\/umstrittene-corona-ueberwachung-fuer-virtuelle-patrouillen\/","og_locale":"it_IT","og_type":"article","og_title":"Umstrittene Corona-\u00dcberwachung - Save","og_description":"&nbsp; In Ausnahmezeiten schalten die Beh\u00f6rden schon mal den \u00abTurbo\u00bb im Kampf gegen das Coronavirus ein. So geschehen im Kanton Aargau, der sich das Recht herausnimmt, verst\u00e4rkt mit Video\u00fcberwachung zu arbeiten. Gest\u00fctzt auf die kantonale Sonderverordnung vom 1. April 2020 k\u00f6nnen deshalb auch optische-elektronische \u00dcberwachungsanlagen eingesetzt werden. Konkret heisst es dazu im Abschnitt \u00abVideo\u00fcberwachung im [&hellip;]","og_url":"https:\/\/news.save.ch\/it\/umstrittene-corona-ueberwachung-fuer-virtuelle-patrouillen\/","og_site_name":"Save","article_published_time":"2020-04-06T13:06:28+00:00","article_modified_time":"2023-03-14T07:59:19+00:00","og_image":[{"width":1400,"height":934,"url":"https:\/\/news.save.ch\/wp-content\/uploads\/2020\/04\/ueberwachung-scaled-1-scaled.jpg","type":"image\/jpeg"}],"author":"Roger Str\u00e4ssle","twitter_card":"summary_large_image","twitter_misc":{"Scritto da":"Roger Str\u00e4ssle","Tempo di lettura stimato":"2 minuti"},"schema":{"@context":"https:\/\/schema.org","@graph":[{"@type":"Article","@id":"https:\/\/news.save.ch\/umstrittene-corona-ueberwachung-fuer-virtuelle-patrouillen\/#article","isPartOf":{"@id":"https:\/\/news.save.ch\/umstrittene-corona-ueberwachung-fuer-virtuelle-patrouillen\/"},"author":{"name":"Roger Str\u00e4ssle","@id":"https:\/\/news.save.ch\/de\/#\/schema\/person\/d5022db048e0e2b9785c50e5b24da5aa"},"headline":"Umstrittene Corona-\u00dcberwachung","datePublished":"2020-04-06T13:06:28+00:00","dateModified":"2023-03-14T07:59:19+00:00","mainEntityOfPage":{"@id":"https:\/\/news.save.ch\/umstrittene-corona-ueberwachung-fuer-virtuelle-patrouillen\/"},"wordCount":472,"publisher":{"@id":"https:\/\/news.save.ch\/de\/#organization"},"image":{"@id":"https:\/\/news.save.ch\/umstrittene-corona-ueberwachung-fuer-virtuelle-patrouillen\/#primaryimage"},"thumbnailUrl":"https:\/\/news.save.ch\/wp-content\/uploads\/2020\/04\/ueberwachung-scaled-1-scaled.jpg","keywords":["Coronaviruas","Covid-19","Kanton Aargau","\u00dcberwachung","Video\u00fcberwachung","virtuelle Patrouillen"],"articleSection":["SICHERHEIT"],"inLanguage":"it-IT"},{"@type":"WebPage","@id":"https:\/\/news.save.ch\/umstrittene-corona-ueberwachung-fuer-virtuelle-patrouillen\/","url":"https:\/\/news.save.ch\/umstrittene-corona-ueberwachung-fuer-virtuelle-patrouillen\/","name":"Sorveglianza controversa di Corona - Salva","isPartOf":{"@id":"https:\/\/news.save.ch\/de\/#website"},"primaryImageOfPage":{"@id":"https:\/\/news.save.ch\/umstrittene-corona-ueberwachung-fuer-virtuelle-patrouillen\/#primaryimage"},"image":{"@id":"https:\/\/news.save.ch\/umstrittene-corona-ueberwachung-fuer-virtuelle-patrouillen\/#primaryimage"},"thumbnailUrl":"https:\/\/news.save.ch\/wp-content\/uploads\/2020\/04\/ueberwachung-scaled-1-scaled.jpg","datePublished":"2020-04-06T13:06:28+00:00","dateModified":"2023-03-14T07:59:19+00:00","breadcrumb":{"@id":"https:\/\/news.save.ch\/umstrittene-corona-ueberwachung-fuer-virtuelle-patrouillen\/#breadcrumb"},"inLanguage":"it-IT","potentialAction":[{"@type":"ReadAction","target":["https:\/\/news.save.ch\/umstrittene-corona-ueberwachung-fuer-virtuelle-patrouillen\/"]}]},{"@type":"ImageObject","inLanguage":"it-IT","@id":"https:\/\/news.save.ch\/umstrittene-corona-ueberwachung-fuer-virtuelle-patrouillen\/#primaryimage","url":"https:\/\/news.save.ch\/wp-content\/uploads\/2020\/04\/ueberwachung-scaled-1-scaled.jpg","contentUrl":"https:\/\/news.save.ch\/wp-content\/uploads\/2020\/04\/ueberwachung-scaled-1-scaled.jpg","width":1400,"height":934,"caption":"Hier ein Bild aus Z\u00fcrich. Im Kanton Aargau \u00fcberwacht man Personenansammlungen auch mit virtuellen Patrouillen. Der Foto: R. Str\u00e4ssle"},{"@type":"BreadcrumbList","@id":"https:\/\/news.save.ch\/umstrittene-corona-ueberwachung-fuer-virtuelle-patrouillen\/#breadcrumb","itemListElement":[{"@type":"ListItem","position":1,"name":"Home","item":"https:\/\/news.save.ch\/de\/"},{"@type":"ListItem","position":2,"name":"Umstrittene Corona-\u00dcberwachung"}]},{"@type":"WebSite","@id":"https:\/\/news.save.ch\/de\/#website","url":"https:\/\/news.save.ch\/de\/","name":"Risparmiare","description":"Rivista svizzera specializzata in sicurezza","publisher":{"@id":"https:\/\/news.save.ch\/de\/#organization"},"potentialAction":[{"@type":"SearchAction","target":{"@type":"EntryPoint","urlTemplate":"https:\/\/news.save.ch\/de\/?s={search_term_string}"},"query-input":{"@type":"PropertyValueSpecification","valueRequired":true,"valueName":"search_term_string"}}],"inLanguage":"it-IT"},{"@type":"Organization","@id":"https:\/\/news.save.ch\/de\/#organization","name":"Forum sulla sicurezza","url":"https:\/\/news.save.ch\/de\/","logo":{"@type":"ImageObject","inLanguage":"it-IT","@id":"https:\/\/news.save.ch\/de\/#\/schema\/logo\/image\/","url":"https:\/\/news.save.ch\/wp-content\/uploads\/2022\/06\/Logo_SF_2012.png","contentUrl":"https:\/\/news.save.ch\/wp-content\/uploads\/2022\/06\/Logo_SF_2012.png","width":1100,"height":91,"caption":"Sicherheitsforum"},"image":{"@id":"https:\/\/news.save.ch\/de\/#\/schema\/logo\/image\/"}},{"@type":"Person","@id":"https:\/\/news.save.ch\/de\/#\/schema\/person\/d5022db048e0e2b9785c50e5b24da5aa","name":"Roger Str\u00e4ssle","image":{"@type":"ImageObject","inLanguage":"it-IT","@id":"https:\/\/secure.gravatar.com\/avatar\/862a5569d087de48e5856e32f45d719a03804c891d6deb8d4f71a660e79e4a47?s=96&d=mm&r=g","url":"https:\/\/secure.gravatar.com\/avatar\/862a5569d087de48e5856e32f45d719a03804c891d6deb8d4f71a660e79e4a47?s=96&d=mm&r=g","contentUrl":"https:\/\/secure.gravatar.com\/avatar\/862a5569d087de48e5856e32f45d719a03804c891d6deb8d4f71a660e79e4a47?s=96&d=mm&r=g","caption":"Roger Str\u00e4ssle"},"url":"https:\/\/news.save.ch\/it\/author\/roger-straessle\/"}]}},"_links":{"self":[{"href":"https:\/\/news.save.ch\/it\/wp-json\/wp\/v2\/posts\/9925","targetHints":{"allow":["GET"]}}],"collection":[{"href":"https:\/\/news.save.ch\/it\/wp-json\/wp\/v2\/posts"}],"about":[{"href":"https:\/\/news.save.ch\/it\/wp-json\/wp\/v2\/types\/post"}],"author":[{"embeddable":true,"href":"https:\/\/news.save.ch\/it\/wp-json\/wp\/v2\/users\/8"}],"replies":[{"embeddable":true,"href":"https:\/\/news.save.ch\/it\/wp-json\/wp\/v2\/comments?post=9925"}],"version-history":[{"count":1,"href":"https:\/\/news.save.ch\/it\/wp-json\/wp\/v2\/posts\/9925\/revisions"}],"predecessor-version":[{"id":17913,"href":"https:\/\/news.save.ch\/it\/wp-json\/wp\/v2\/posts\/9925\/revisions\/17913"}],"wp:featuredmedia":[{"embeddable":true,"href":"https:\/\/news.save.ch\/it\/wp-json\/wp\/v2\/media\/9926"}],"wp:attachment":[{"href":"https:\/\/news.save.ch\/it\/wp-json\/wp\/v2\/media?parent=9925"}],"wp:term":[{"taxonomy":"category","embeddable":true,"href":"https:\/\/news.save.ch\/it\/wp-json\/wp\/v2\/categories?post=9925"},{"taxonomy":"post_tag","embeddable":true,"href":"https:\/\/news.save.ch\/it\/wp-json\/wp\/v2\/tags?post=9925"}],"curies":[{"name":"wp","href":"https:\/\/api.w.org\/{rel}","templated":true}]}}